{"id":60924,"date":"2021-05-07T14:46:54","date_gmt":"2021-05-07T14:46:54","guid":{"rendered":"https:\/\/owncloud.com\/?p=60924"},"modified":"2023-01-16T15:11:15","modified_gmt":"2023-01-16T15:11:15","slug":"microsofts-versprechen-eine-nebelkerze","status":"publish","type":"post","link":"https:\/\/owncloud.com\/de\/blogs\/microsofts-versprechen-eine-nebelkerze\/","title":{"rendered":"Microsofts Versprechen? Eine Nebelkerze"},"content":{"rendered":"<p>Gestern hat <a href=\"https:\/\/www.heise.de\/news\/Microsoft-Daten-europaeischer-Unternehmen-und-Behoerden-bleiben-auf-EU-Servern-6038429.html\" target=\"_blank\" rel=\"noopener\">Microsoft<\/a> angek\u00fcndigt, dass bis Ende 2022 k\u00fcnftig im Rahmen des Programms \u201e<a href=\"https:\/\/techcommunity.microsoft.com\/t5\/security-compliance-identity\/eu-data-boundary-for-the-microsoft-cloud-frequently-asked\/ba-p\/2329098\" target=\"_blank\" rel=\"noopener\">EU Data Boundary<\/a>&#8220; die technischen Voraussetzungen geschaffen werden sollen, dass Daten von EU-Unternehmen und -Regierungen nicht mehr die EU verlassen m\u00fcssen. Doch so lobenswert die Bekenntnisse von Microsoft auch sind, muss man feststellen, dass der Speicherort nie das Problem war. Vielmehr sind US-amerikanische Unternehmen verpflichtet, ihrer Regierung und den Geheimdiensten auf Anfrage Zugriff auf die Daten ihrer Kunden zu gew\u00e4hren, egal, an welchem Standort sie gehostet werden. Verweigern sie den Zugang, versto\u00dfen sie gegen US-Recht \u2013 den Cloud Act. Auch <a href=\"https:\/\/owncloud.com\/de\/news\/microsoft-vows-to-defend-your-data\/\">die vollmundigsten Versprechen von US-Unternehmen<\/a> verpuffen also angesichts dieser Gesetzgebung, die mit dem EU-Recht unvereinbar ist.<\/p>\n<p>Die Ank\u00fcndigung des Programms \u201eEU Data Boundary&#8220; vermittelt zudem den Anschein, dass Microsoft sich damit f\u00fcr das europ\u00e4ische Cloud-Infrastruktur-Programm Gaia-X in Stellung bringen will. Allerdings gibt der Anbieter gleichzeitig zu, den Abfluss von Nutzer- und Kundendaten nur minimieren, nicht abstellen zu wollen, und das auch erst ab Ende 2022. Damit gibt Microsoft indirekt zu, bis die technischen Voraussetzungen Ende 2022 geschaffen sind, in die USA zu transferieren, wohlgemerkt seit dem Fall des Privacy Shield ohne rechtliche Grundlage. Inwiefern sich die Situation danach \u00e4ndert, dar\u00fcber l\u00e4sst sich jetzt noch keine Aussage treffen. Aber selbst wenn danach der Datenfluss in die USA weniger werden oder sogar ganz versiegen wollte, das wesentliche Problem bleibt, denn so sehr sich Microsoft und Co. an EU-Recht halten wollen, am Ende l\u00e4uft es immer auf dasselbe hinaus: Amerikanische Unternehmen unterliegen der US-Gesetzgebung. Eine Beteiligung an Gaia-X kann aber nur funktionieren, wenn jedes Mitglied sich komplett an die europ\u00e4ischen Spielregeln h\u00e4lt.<\/p>\n<p>Unser Appell an den Gaia-X-Verband ist, sich nicht blenden zu lassen, sondern bei der Umsetzung von Gaia-X konsequent und unverr\u00fcckbar auf die Einhaltung von EU-Recht zu pochen. Ein L\u00f6sungsansatz w\u00e4re zum Beispiel, dass US-amerikanische Anbieter, die sich an Gaia-X beteiligen wollen, dies nur \u00fcber ein Treuhandmodell tun k\u00f6nnen, dass einen wirksamen Schutz gegen das Zugriffsrecht der US-Regierung auf Basis der amerikanischen \u00dcberwachungsgesetze wie dem Cloud Act bietet. In diesem Modell w\u00e4ren die Treuh\u00e4nder der US-Firmen nicht an US-Gesetze gebunden und k\u00f6nnten die notwendige Daten-Souver\u00e4nit\u00e4t gew\u00e4hrleisten.<\/p>\n<p>&nbsp;<\/p>\n<div id=\"attachment_4797\" style=\"width: 810px\" class=\"wp-caption aligncenter\"><img loading=\"lazy\" decoding=\"async\" aria-describedby=\"caption-attachment-4797\" class=\"wp-image-4797 size-full\" src=\"https:\/\/owncloud.com\/wp-content\/uploads\/2020\/05\/Tobias_Gerlinger_Foto_Owncloud.png\" alt=\"Tobias Gerlinger, CEO ownCloud\" width=\"800\" height=\"534\" srcset=\"https:\/\/owncloud.com\/wp-content\/uploads\/2020\/05\/Tobias_Gerlinger_Foto_Owncloud.png 800w, https:\/\/owncloud.com\/wp-content\/uploads\/2020\/05\/Tobias_Gerlinger_Foto_Owncloud-480x320.png 480w\" sizes=\"(min-width: 0px) and (max-width: 480px) 480px, (min-width: 481px) 800px, 100vw\" \/><p id=\"caption-attachment-4797\" class=\"wp-caption-text\">Tobias Gerlinger, CEO ownCloud<\/p><\/div>\n","protected":false},"excerpt":{"rendered":"<p>Microsoft hat angek\u00fcndigt, k\u00fcnftig Daten von europ\u00e4ischen Unternehmen und Verwaltungen weitgehend auf Servern in der EU zu verarbeiten. Diese Scheinl\u00f6sung geht am eigentlichen Kernproblem vorbei, kommentiert ownCloud-CEO Tobias Gerlinger.<\/p>\n","protected":false},"author":15,"featured_media":60932,"comment_status":"closed","ping_status":"closed","sticky":false,"template":"","format":"standard","meta":{"_acf_changed":false,"_et_pb_use_builder":"","_et_pb_old_content":"","_et_gb_content_width":"","inline_featured_image":false,"footnotes":""},"categories":[41,50],"tags":[],"class_list":["post-60924","post","type-post","status-publish","format-standard","has-post-thumbnail","hentry","category-comment","category-press-release"],"acf":[],"_links":{"self":[{"href":"https:\/\/owncloud.com\/de\/wp-json\/wp\/v2\/posts\/60924","targetHints":{"allow":["GET"]}}],"collection":[{"href":"https:\/\/owncloud.com\/de\/wp-json\/wp\/v2\/posts"}],"about":[{"href":"https:\/\/owncloud.com\/de\/wp-json\/wp\/v2\/types\/post"}],"author":[{"embeddable":true,"href":"https:\/\/owncloud.com\/de\/wp-json\/wp\/v2\/users\/15"}],"replies":[{"embeddable":true,"href":"https:\/\/owncloud.com\/de\/wp-json\/wp\/v2\/comments?post=60924"}],"version-history":[{"count":4,"href":"https:\/\/owncloud.com\/de\/wp-json\/wp\/v2\/posts\/60924\/revisions"}],"predecessor-version":[{"id":60947,"href":"https:\/\/owncloud.com\/de\/wp-json\/wp\/v2\/posts\/60924\/revisions\/60947"}],"wp:featuredmedia":[{"embeddable":true,"href":"https:\/\/owncloud.com\/de\/wp-json\/wp\/v2\/media\/60932"}],"wp:attachment":[{"href":"https:\/\/owncloud.com\/de\/wp-json\/wp\/v2\/media?parent=60924"}],"wp:term":[{"taxonomy":"category","embeddable":true,"href":"https:\/\/owncloud.com\/de\/wp-json\/wp\/v2\/categories?post=60924"},{"taxonomy":"post_tag","embeddable":true,"href":"https:\/\/owncloud.com\/de\/wp-json\/wp\/v2\/tags?post=60924"}],"curies":[{"name":"wp","href":"https:\/\/api.w.org\/{rel}","templated":true}]}}